{"id":1438,"date":"2025-05-26T03:20:31","date_gmt":"2025-05-26T03:20:31","guid":{"rendered":"https:\/\/cop30.pactoglobal.org.br\/?p=1438"},"modified":"2025-06-13T21:02:54","modified_gmt":"2025-06-13T21:02:54","slug":"empresas-constroem-prototipos-de-solucoes-para-residuos","status":"publish","type":"post","link":"https:\/\/cop30.pactoglobal.org.br\/index.php\/2025\/05\/26\/empresas-constroem-prototipos-de-solucoes-para-residuos\/","title":{"rendered":"Empresas constroem prot\u00f3tipos de solu\u00e7\u00f5es para res\u00edduos\u00a0\u00a0"},"content":{"rendered":"\n<p>No dia 26 de fevereiro, o Projeto ReInova deu in\u00edcio \u00e0 sua jornada colaborativa com a realiza\u00e7\u00e3o do primeiro workshop. Nesse encontro, as empresas participantes \u2014 Alpargatas, Coca-Cola Brasil e Unilever \u2014 come\u00e7aram a trabalhar juntas na constru\u00e7\u00e3o de propostas voltadas ao redesenho de solu\u00e7\u00f5es e \u00e0 promo\u00e7\u00e3o da inova\u00e7\u00e3o com foco na economia circular. A partir de um ambiente de troca e cocria\u00e7\u00e3o, foram identificados poss\u00edveis caminhos a serem seguidos e surgiram as primeiras ideias de prot\u00f3tipos, baseadas nas experi\u00eancias e desafios compartilhados pelas organiza\u00e7\u00f5es.&nbsp;<\/p>\n\n\n\n<p>Dando sequ\u00eancia ao processo, o segundo workshop foi realizado no dia 4 de abril. Al\u00e9m de aprofundar as discuss\u00f5es iniciadas anteriormente, esse encontro foi marcado pelo amadurecimento das propostas e pela consolida\u00e7\u00e3o dos prot\u00f3tipos. As empresas refinaram suas ideias iniciais, e tr\u00eas prot\u00f3tipos foram selecionados para desenvolvimento ao longo do ano, com base em crit\u00e9rios de viabilidade, impacto e potencial de implementa\u00e7\u00e3o colaborativa.&nbsp;<\/p>\n\n\n\n<p>Todo esse trabalho coletivo visa \u00e0 constru\u00e7\u00e3o de solu\u00e7\u00f5es pr\u00e1ticas e inovadoras, que ser\u00e3o apresentadas oficialmente durante a COP30, em Bel\u00e9m. A iniciativa representa um marco na integra\u00e7\u00e3o entre empresas e inova\u00e7\u00e3o em prol da circularidade, e refor\u00e7a o compromisso das organiza\u00e7\u00f5es com um futuro mais sustent\u00e1vel.&nbsp;<\/p>\n\n\n\n<p><\/p>\n\n\n\n<figure class=\"wp-block-gallery has-nested-images columns-default is-cropped wp-block-gallery-1 is-layout-flex wp-block-gallery-is-layout-flex\">\n<figure class=\"wp-block-image size-large\"><img fetchpriority=\"high\" decoding=\"async\" width=\"936\" height=\"673\" data-id=\"1442\" src=\"https:\/\/cop30.pactoglobal.org.br\/wp-content\/uploads\/2025\/05\/Captura-de-tela-2025-05-26-001714.png\" alt=\"\" class=\"wp-image-1442\" srcset=\"https:\/\/cop30.pactoglobal.org.br\/wp-content\/uploads\/2025\/05\/Captura-de-tela-2025-05-26-001714.png 936w, https:\/\/cop30.pactoglobal.org.br\/wp-content\/uploads\/2025\/05\/Captura-de-tela-2025-05-26-001714-300x216.png 300w, https:\/\/cop30.pactoglobal.org.br\/wp-content\/uploads\/2025\/05\/Captura-de-tela-2025-05-26-001714-768x552.png 768w\" sizes=\"(max-width: 936px) 100vw, 936px\" \/><\/figure>\n\n\n\n<figure class=\"wp-block-image size-large\"><img decoding=\"async\" width=\"761\" height=\"527\" data-id=\"1439\" src=\"https:\/\/cop30.pactoglobal.org.br\/wp-content\/uploads\/2025\/05\/Captura-de-tela-2025-05-26-001654.png\" alt=\"\" class=\"wp-image-1439\" srcset=\"https:\/\/cop30.pactoglobal.org.br\/wp-content\/uploads\/2025\/05\/Captura-de-tela-2025-05-26-001654.png 761w, https:\/\/cop30.pactoglobal.org.br\/wp-content\/uploads\/2025\/05\/Captura-de-tela-2025-05-26-001654-300x208.png 300w\" sizes=\"(max-width: 761px) 100vw, 761px\" \/><\/figure>\n\n\n\n<figure class=\"wp-block-image size-large\"><img decoding=\"async\" width=\"1017\" height=\"707\" data-id=\"1440\" src=\"https:\/\/cop30.pactoglobal.org.br\/wp-content\/uploads\/2025\/05\/Captura-de-tela-2025-05-26-001636.png\" alt=\"\" class=\"wp-image-1440\" srcset=\"https:\/\/cop30.pactoglobal.org.br\/wp-content\/uploads\/2025\/05\/Captura-de-tela-2025-05-26-001636.png 1017w, https:\/\/cop30.pactoglobal.org.br\/wp-content\/uploads\/2025\/05\/Captura-de-tela-2025-05-26-001636-300x209.png 300w, https:\/\/cop30.pactoglobal.org.br\/wp-content\/uploads\/2025\/05\/Captura-de-tela-2025-05-26-001636-768x534.png 768w\" sizes=\"(max-width: 1017px) 100vw, 1017px\" \/><\/figure>\n\n\n\n<figure class=\"wp-block-image size-large\"><img loading=\"lazy\" decoding=\"async\" width=\"1024\" height=\"537\" data-id=\"1441\" src=\"https:\/\/cop30.pactoglobal.org.br\/wp-content\/uploads\/2025\/05\/Captura-de-tela-2025-05-26-001627-1024x537.png\" alt=\"\" class=\"wp-image-1441\" srcset=\"https:\/\/cop30.pactoglobal.org.br\/wp-content\/uploads\/2025\/05\/Captura-de-tela-2025-05-26-001627-1024x537.png 1024w, https:\/\/cop30.pactoglobal.org.br\/wp-content\/uploads\/2025\/05\/Captura-de-tela-2025-05-26-001627-300x157.png 300w, https:\/\/cop30.pactoglobal.org.br\/wp-content\/uploads\/2025\/05\/Captura-de-tela-2025-05-26-001627-768x402.png 768w, https:\/\/cop30.pactoglobal.org.br\/wp-content\/uploads\/2025\/05\/Captura-de-tela-2025-05-26-001627.png 1330w\" sizes=\"(max-width: 1024px) 100vw, 1024px\" \/><\/figure>\n<\/figure>\n\n\n\n<p><\/p>\n","protected":false},"excerpt":{"rendered":"<p>No dia 26 de fevereiro, o Projeto ReInova deu in\u00edcio \u00e0 sua jornada colaborativa com a realiza\u00e7\u00e3o do primeiro workshop. Nesse encontro, as empresas participantes \u2014 Alpargatas, Coca-Cola Brasil e Unilever \u2014 come\u00e7aram a trabalhar juntas na constru\u00e7\u00e3o de propostas voltadas ao redesenho de solu\u00e7\u00f5es e \u00e0 promo\u00e7\u00e3o da inova\u00e7\u00e3o com foco na economia circular.&hellip; <a class=\"more-link\" href=\"https:\/\/cop30.pactoglobal.org.br\/index.php\/2025\/05\/26\/empresas-constroem-prototipos-de-solucoes-para-residuos\/\">Continue Reading <span class=\"screen-reader-text\">Empresas constroem prot\u00f3tipos de solu\u00e7\u00f5es para res\u00edduos\u00a0\u00a0<\/span><\/a><\/p>\n","protected":false},"author":5,"featured_media":1441,"comment_status":"closed","ping_status":"closed","sticky":false,"template":"","format":"standard","meta":{"footnotes":""},"categories":[48],"tags":[],"class_list":["post-1438","post","type-post","status-publish","format-standard","has-post-thumbnail","hentry","category-residuos","entry","mb-50"],"_links":{"self":[{"href":"https:\/\/cop30.pactoglobal.org.br\/index.php\/wp-json\/wp\/v2\/posts\/1438","targetHints":{"allow":["GET"]}}],"collection":[{"href":"https:\/\/cop30.pactoglobal.org.br\/index.php\/wp-json\/wp\/v2\/posts"}],"about":[{"href":"https:\/\/cop30.pactoglobal.org.br\/index.php\/wp-json\/wp\/v2\/types\/post"}],"author":[{"embeddable":true,"href":"https:\/\/cop30.pactoglobal.org.br\/index.php\/wp-json\/wp\/v2\/users\/5"}],"replies":[{"embeddable":true,"href":"https:\/\/cop30.pactoglobal.org.br\/index.php\/wp-json\/wp\/v2\/comments?post=1438"}],"version-history":[{"count":0,"href":"https:\/\/cop30.pactoglobal.org.br\/index.php\/wp-json\/wp\/v2\/posts\/1438\/revisions"}],"wp:featuredmedia":[{"embeddable":true,"href":"https:\/\/cop30.pactoglobal.org.br\/index.php\/wp-json\/wp\/v2\/media\/1441"}],"wp:attachment":[{"href":"https:\/\/cop30.pactoglobal.org.br\/index.php\/wp-json\/wp\/v2\/media?parent=1438"}],"wp:term":[{"taxonomy":"category","embeddable":true,"href":"https:\/\/cop30.pactoglobal.org.br\/index.php\/wp-json\/wp\/v2\/categories?post=1438"},{"taxonomy":"post_tag","embeddable":true,"href":"https:\/\/cop30.pactoglobal.org.br\/index.php\/wp-json\/wp\/v2\/tags?post=1438"}],"curies":[{"name":"wp","href":"https:\/\/api.w.org\/{rel}","templated":true}]}}