{"id":1430,"date":"2025-05-26T03:02:53","date_gmt":"2025-05-26T03:02:53","guid":{"rendered":"https:\/\/cop30.pactoglobal.org.br\/?p=1430"},"modified":"2025-06-13T21:12:25","modified_gmt":"2025-06-13T21:12:25","slug":"lancamento-da-nova-turma-acelerador-climatico-do-movimento-ambicao-net-zero","status":"publish","type":"post","link":"https:\/\/cop30.pactoglobal.org.br\/index.php\/2025\/05\/26\/lancamento-da-nova-turma-acelerador-climatico-do-movimento-ambicao-net-zero\/","title":{"rendered":"Lan\u00e7amento da Nova Turma Acelerador Clim\u00e1tico do Movimento Ambi\u00e7\u00e3o Net Zero\u00a0"},"content":{"rendered":"\n<p>Esse primeiro semestre teremos mais uma edi\u00e7\u00e3o do programa Acelerador Clim\u00e1tico do Movimento Ambi\u00e7\u00e3o Net Zero. O Acelerador Clim\u00e1tico <strong>\u00e9 um programa de acelera\u00e7\u00e3o exclusivo que capacita as empresas brasileiras comprometidas com o Movimento Ambi\u00e7\u00e3o Net Zero com conhecimento e habilidades necess\u00e1rias para acelerar o progresso no estabelecimento de metas baseadas em ci\u00eancia alinhadas com a rota de 1.5\u00b0C do Acordo de Paris<\/strong>.&nbsp;<br>&nbsp;<br>Desde 2021, esse programa envolveu mais de 7.000 participantes, de 3.500 empresas em 80 pa\u00edses.&nbsp; Com uma uma trilha de aprendizado projetada para empresas de todos os tamanhos e setores que est\u00e3o em diferentes etapas na jornada rumo ao cumprimento das metas de redu\u00e7\u00e3o de emiss\u00f5es baseadas na ci\u00eancia. &nbsp;<br>&nbsp;<br>Ao longo de 6 meses, as empresas participar\u00e3o de <strong>sess\u00f5es de treinamento sob demanda dispon\u00edveis na Academy<\/strong> e<strong> plant\u00f5es de d\u00favidas online com especialistas ao final de cada m\u00eas<\/strong>, em ingl\u00eas, com o time global, e em portugu\u00eas com nosso especialista, a fim de aprender sobre contabilidade de gases de efeito estufa (GEE) e a gest\u00e3o de a\u00e7\u00f5es clim\u00e1ticas ambiciosas.&nbsp;&nbsp;<\/p>\n\n\n\n<p>Saiba mais: <a href=\"https:\/\/go.pactoglobal.org.br\/acelerador-climatico-2025\" target=\"_blank\" rel=\"noreferrer noopener\">https:\/\/go.pactoglobal.org.br\/acelerador-climatico-2025<\/a>&nbsp;<\/p>\n\n\n\n<p><\/p>\n","protected":false},"excerpt":{"rendered":"<p>Esse primeiro semestre teremos mais uma edi\u00e7\u00e3o do programa Acelerador Clim\u00e1tico do Movimento Ambi\u00e7\u00e3o Net Zero. O Acelerador Clim\u00e1tico \u00e9 um programa de acelera\u00e7\u00e3o exclusivo que capacita as empresas brasileiras comprometidas com o Movimento Ambi\u00e7\u00e3o Net Zero com conhecimento e habilidades necess\u00e1rias para acelerar o progresso no estabelecimento de metas baseadas em ci\u00eancia alinhadas com&hellip; <a class=\"more-link\" href=\"https:\/\/cop30.pactoglobal.org.br\/index.php\/2025\/05\/26\/lancamento-da-nova-turma-acelerador-climatico-do-movimento-ambicao-net-zero\/\">Continue Reading <span class=\"screen-reader-text\">Lan\u00e7amento da Nova Turma Acelerador Clim\u00e1tico do Movimento Ambi\u00e7\u00e3o Net Zero\u00a0<\/span><\/a><\/p>\n","protected":false},"author":5,"featured_media":1432,"comment_status":"closed","ping_status":"closed","sticky":false,"template":"","format":"standard","meta":{"footnotes":""},"categories":[43],"tags":[],"class_list":["post-1430","post","type-post","status-publish","format-standard","has-post-thumbnail","hentry","category-net-zero","entry","mb-50"],"_links":{"self":[{"href":"https:\/\/cop30.pactoglobal.org.br\/index.php\/wp-json\/wp\/v2\/posts\/1430","targetHints":{"allow":["GET"]}}],"collection":[{"href":"https:\/\/cop30.pactoglobal.org.br\/index.php\/wp-json\/wp\/v2\/posts"}],"about":[{"href":"https:\/\/cop30.pactoglobal.org.br\/index.php\/wp-json\/wp\/v2\/types\/post"}],"author":[{"embeddable":true,"href":"https:\/\/cop30.pactoglobal.org.br\/index.php\/wp-json\/wp\/v2\/users\/5"}],"replies":[{"embeddable":true,"href":"https:\/\/cop30.pactoglobal.org.br\/index.php\/wp-json\/wp\/v2\/comments?post=1430"}],"version-history":[{"count":0,"href":"https:\/\/cop30.pactoglobal.org.br\/index.php\/wp-json\/wp\/v2\/posts\/1430\/revisions"}],"wp:featuredmedia":[{"embeddable":true,"href":"https:\/\/cop30.pactoglobal.org.br\/index.php\/wp-json\/wp\/v2\/media\/1432"}],"wp:attachment":[{"href":"https:\/\/cop30.pactoglobal.org.br\/index.php\/wp-json\/wp\/v2\/media?parent=1430"}],"wp:term":[{"taxonomy":"category","embeddable":true,"href":"https:\/\/cop30.pactoglobal.org.br\/index.php\/wp-json\/wp\/v2\/categories?post=1430"},{"taxonomy":"post_tag","embeddable":true,"href":"https:\/\/cop30.pactoglobal.org.br\/index.php\/wp-json\/wp\/v2\/tags?post=1430"}],"curies":[{"name":"wp","href":"https:\/\/api.w.org\/{rel}","templated":true}]}}